{"id":5410,"date":"2021-01-14T08:19:05","date_gmt":"2021-01-14T08:19:05","guid":{"rendered":"http:\/\/ilguji.org\/?p=5410"},"modified":"2021-01-14T08:28:07","modified_gmt":"2021-01-14T08:28:07","slug":"hatyra-guni-dasoguz-gokdepe-we-turkmensahra-gyrgyncylyklary","status":"publish","type":"post","link":"https:\/\/ilguji.org\/?p=5410&lang=tm","title":{"rendered":"HATYRA G\u00dcNI: Da\u015foguz, G\u00f6kdepe we T\u00fcrkmens\u00e4hra Gyrgyn\u00e7ylyklary&#8230;"},"content":{"rendered":"\n<p>Erkin Sesi kanalyny\u0148 12-nji \u00fdanwar Hatyra g\u00fcnine bagy\u015flanan \u00fd\u00f6rite sanynda basybaljylary\u0148 G\u00f6kdepe galasyndaky we ondan owalky Da\u015foguz hem on8dan so\u0148ky T\u00fcrkmens\u00e4hra gyrgyn\u00e7ylyklaryndan alynmaly taryhy sapak barada s\u00f6z a\u00e7yl\u00fdar.<\/p>\n\n\n\n<p>Erkin Ses T\u00fcrkmen kanalyna \u00fdazyly\u0148 (goldaw\u00e7ylara go\u015fuly\u0148) we bu\u015fkuk ja\u0148yny hem a\u00e7y\u0148. Bize wideo we ses iberi\u0148, olary d\u00fcn\u00fd\u00e4 jar eder \u00fdaly.<\/p>\n\n\n\n<figure class=\"wp-block-embed is-type-video is-provider-youtube wp-block-embed-youtube wp-embed-aspect-16-9 wp-has-aspect-ratio\"><div class=\"wp-block-embed__wrapper\">\n<iframe loading=\"lazy\" title=\"HATYRA G\u00dcNI: Da\u015foguz, G\u00f6kdepe we T\u00fcrkmens\u00e4hra Gyrgyn\u00e7ylyklary...\" width=\"1000\" height=\"563\" src=\"https:\/\/www.youtube.com\/embed\/OMi21tB38I4?feature=oembed\" frameborder=\"0\" allow=\"accelerometer; autoplay; clipboard-write; encrypted-media; gyroscope; picture-in-picture\" allowfullscreen><\/iframe>\n<\/div><\/figure>\n","protected":false},"excerpt":{"rendered":"<p>Erkin Sesi kanalyny\u0148 12-nji \u00fdanwar Hatyra g\u00fcnine bagy\u015flanan \u00fd\u00f6rite sanynda basybaljylary\u0148 G\u00f6kdepe galasyndaky we ondan owalky Da\u015foguz hem on8dan so\u0148ky T\u00fcrkmens\u00e4hra gyrgyn\u00e7ylyklaryndan alynmaly taryhy sapak barada s\u00f6z a\u00e7yl\u00fdar. Erkin Ses T\u00fcrkmen kanalyna \u00fdazyly\u0148 (goldaw\u00e7ylara go\u015fuly\u0148) we bu\u015fkuk ja\u0148yny hem a\u00e7y\u0148. Bize wideo we ses iberi\u0148, olary d\u00fcn\u00fd\u00e4 jar eder \u00fdaly.<\/p>\n","protected":false},"author":1,"featured_media":0,"comment_status":"open","ping_status":"open","sticky":false,"template":"","format":"standard","meta":{"footnotes":""},"categories":[796,419],"tags":[873,871,875],"class_list":{"0":"post-5410","1":"post","2":"type-post","3":"status-publish","4":"format-standard","6":"category-durli-dumen-tm","7":"category-habarlar-tm","8":"tag-gokdepe","9":"tag-turkmenler","10":"tag-yusuf-kor"},"_links":{"self":[{"href":"https:\/\/ilguji.org\/index.php?rest_route=\/wp\/v2\/posts\/5410","targetHints":{"allow":["GET"]}}],"collection":[{"href":"https:\/\/ilguji.org\/index.php?rest_route=\/wp\/v2\/posts"}],"about":[{"href":"https:\/\/ilguji.org\/index.php?rest_route=\/wp\/v2\/types\/post"}],"author":[{"embeddable":true,"href":"https:\/\/ilguji.org\/index.php?rest_route=\/wp\/v2\/users\/1"}],"replies":[{"embeddable":true,"href":"https:\/\/ilguji.org\/index.php?rest_route=%2Fwp%2Fv2%2Fcomments&post=5410"}],"version-history":[{"count":0,"href":"https:\/\/ilguji.org\/index.php?rest_route=\/wp\/v2\/posts\/5410\/revisions"}],"wp:attachment":[{"href":"https:\/\/ilguji.org\/index.php?rest_route=%2Fwp%2Fv2%2Fmedia&parent=5410"}],"wp:term":[{"taxonomy":"category","embeddable":true,"href":"https:\/\/ilguji.org\/index.php?rest_route=%2Fwp%2Fv2%2Fcategories&post=5410"},{"taxonomy":"post_tag","embeddable":true,"href":"https:\/\/ilguji.org\/index.php?rest_route=%2Fwp%2Fv2%2Ftags&post=5410"}],"curies":[{"name":"wp","href":"https:\/\/api.w.org\/{rel}","templated":true}]}}