{"id":5289,"date":"2019-09-10T20:06:07","date_gmt":"2019-09-10T20:06:07","guid":{"rendered":"http:\/\/ilguji.org\/?p=5289"},"modified":"2019-09-10T20:19:50","modified_gmt":"2019-09-10T20:19:50","slug":"tuyduk","status":"publish","type":"post","link":"https:\/\/ilguji.org\/?p=5289&lang=tm","title":{"rendered":"T\u00dc\u00ddD\u00dcK"},"content":{"rendered":"\n<p style=\"text-align:left\">T\u00fc\u00fdd\u00fck- T\u00fcrkmen saz gurallaryny\u0148 bir g\u00f6rn\u00fc\u015fi. Ol iki hili bol\u00fdar.<\/p>\n\n\n\n<p style=\"text-align:left\">GARGY T\u00dc\u00ddD\u00dcK- Gargy t\u00fc\u00fdd\u00fck suwy \u00e7ekilen der\u00fdalary\u0148, \u00fdaplary\u0148 bo\u00fdlarynda bit\u00fd\u00e4n gargydan edil\u00fd\u00e4r. Ol k\u00f6plen\u00e7 7 bogunly gargydan \u00fdasal\u00fdar. Onu\u0148 uzynlygy 750-800 mm bolup, \u00fcst\u00fcnde 6, a\u015fagynda 1 ses de\u015figi bol\u00fdar. Sesi\u0148 owazly \u00e7ykmagy, \u00fcflemek \u00fc\u00e7in amatly bolar \u00fdaly, gargy t\u00fc\u00fdd\u00fcgi\u0148 \u00fcflen\u00fd\u00e4n ujuna demir m\u00fc\u015fd\u00fck ge\u00fddiril\u00fd\u00e4r. Ol alynky di\u015flere degrilip saklanyl\u00fdar we dili\u0148 \u00fcst\u00fcnden g\u00fc\u00fd\u00e7li dem akymy bilen \u00fcflenilip \u00e7alyn\u00fdar.<\/p>\n\n\n\n<p style=\"text-align:left\">DILLI T\u00dc\u00ddD\u00dcK- Dilli t\u00fc\u00fdd\u00fck bir bogunly gamy\u015fdan uzynlygy 150-160 mm edilip \u00fdasal\u00fdar. Gam\u015fy\u0148 \u00fd\u00fcz\u00fcnden kesilip diljagaz edil\u00fd\u00e4r. \u00dcflenende, \u015fol diljagazy\u0148 yrgyldysy arkaly ses \u00e7ykar\u00fdar. Dilli t\u00fc\u00fdd\u00fcgi\u0148 3-4 ses de\u015figi bol\u00fdar.<\/p>\n\n\n\n<p style=\"text-align:left\">T.S.Enziklopedi\u00fdadan alyndy<\/p>\n\n\n\n<p style=\"text-align:left\">gaynak: <a href=\"https:\/\/www.turkmenkultur.de\/tueyduek\/\">t\u00fcrkmen kultur ojagy<\/a><\/p>\n","protected":false},"excerpt":{"rendered":"<p>T\u00fc\u00fdd\u00fck- T\u00fcrkmen saz gurallaryny\u0148 bir g\u00f6rn\u00fc\u015fi. Ol iki hili bol\u00fdar. GARGY T\u00dc\u00ddD\u00dcK- Gargy t\u00fc\u00fdd\u00fck suwy \u00e7ekilen der\u00fdalary\u0148, \u00fdaplary\u0148 bo\u00fdlarynda bit\u00fd\u00e4n gargydan edil\u00fd\u00e4r. Ol k\u00f6plen\u00e7 7 bogunly gargydan \u00fdasal\u00fdar. Onu\u0148 uzynlygy 750-800 mm bolup, \u00fcst\u00fcnde 6, a\u015fagynda 1 ses de\u015figi bol\u00fdar. Sesi\u0148 owazly \u00e7ykmagy, \u00fcflemek \u00fc\u00e7in amatly bolar \u00fdaly, gargy t\u00fc\u00fdd\u00fcgi\u0148 \u00fcflen\u00fd\u00e4n ujuna demir m\u00fc\u015fd\u00fck ge\u00fddiril\u00fd\u00e4r. &#8230;<\/p>\n","protected":false},"author":4,"featured_media":5291,"comment_status":"open","ping_status":"open","sticky":false,"template":"","format":"standard","meta":{"footnotes":""},"categories":[796],"tags":[800,802,798,804],"class_list":{"0":"post-5289","1":"post","2":"type-post","3":"status-publish","4":"format-standard","5":"has-post-thumbnail","7":"category-durli-dumen-tm","8":"tag-turkmen-tm","9":"tag-turkmenje-tm","10":"tag-turkmensahra","11":"tag-tuyduk-tm"},"_links":{"self":[{"href":"https:\/\/ilguji.org\/index.php?rest_route=\/wp\/v2\/posts\/5289","targetHints":{"allow":["GET"]}}],"collection":[{"href":"https:\/\/ilguji.org\/index.php?rest_route=\/wp\/v2\/posts"}],"about":[{"href":"https:\/\/ilguji.org\/index.php?rest_route=\/wp\/v2\/types\/post"}],"author":[{"embeddable":true,"href":"https:\/\/ilguji.org\/index.php?rest_route=\/wp\/v2\/users\/4"}],"replies":[{"embeddable":true,"href":"https:\/\/ilguji.org\/index.php?rest_route=%2Fwp%2Fv2%2Fcomments&post=5289"}],"version-history":[{"count":0,"href":"https:\/\/ilguji.org\/index.php?rest_route=\/wp\/v2\/posts\/5289\/revisions"}],"wp:featuredmedia":[{"embeddable":true,"href":"https:\/\/ilguji.org\/index.php?rest_route=\/wp\/v2\/media\/5291"}],"wp:attachment":[{"href":"https:\/\/ilguji.org\/index.php?rest_route=%2Fwp%2Fv2%2Fmedia&parent=5289"}],"wp:term":[{"taxonomy":"category","embeddable":true,"href":"https:\/\/ilguji.org\/index.php?rest_route=%2Fwp%2Fv2%2Fcategories&post=5289"},{"taxonomy":"post_tag","embeddable":true,"href":"https:\/\/ilguji.org\/index.php?rest_route=%2Fwp%2Fv2%2Ftags&post=5289"}],"curies":[{"name":"wp","href":"https:\/\/api.w.org\/{rel}","templated":true}]}}